{"id":104,"date":"2014-12-10T12:50:40","date_gmt":"2014-12-10T12:50:40","guid":{"rendered":"http:\/\/www.brasoesdefamilia.pt\/wordpress\/?p=104"},"modified":"2024-04-10T10:29:54","modified_gmt":"2024-04-10T10:29:54","slug":"escudos","status":"publish","type":"post","link":"https:\/\/www.brasoesdefamilia.pt\/wordpress\/?p=104","title":{"rendered":"Escudos"},"content":{"rendered":"<p style=\"text-align: center;\"><span style=\"font-family: 'book antiqua', palatino;\"><strong><em>ESCUDOS<\/em><\/strong><\/span><\/p>\n<p style=\"text-align: center;\"><span style=\"font-family: 'arial black', 'avant garde'; font-size: 12pt; color: #000000;\">Espanha<\/span><\/p>\n<p><a href=\"https:\/\/www.brasoesdefamilia.pt\/wordpress\/wp-content\/uploads\/2014\/12\/ESPANHA11.png\"><img loading=\"lazy\" decoding=\"async\" class=\"aligncenter wp-image-269 size-medium\" src=\"https:\/\/www.brasoesdefamilia.pt\/wordpress\/wp-content\/uploads\/2014\/12\/ESPANHA11-240x300.png\" alt=\"ESPANHA1\" width=\"240\" height=\"300\" srcset=\"https:\/\/www.brasoesdefamilia.pt\/wordpress\/wp-content\/uploads\/2014\/12\/ESPANHA11-240x300.png 240w, https:\/\/www.brasoesdefamilia.pt\/wordpress\/wp-content\/uploads\/2014\/12\/ESPANHA11-820x1024.png 820w, https:\/\/www.brasoesdefamilia.pt\/wordpress\/wp-content\/uploads\/2014\/12\/ESPANHA11.png 1624w\" sizes=\"auto, (max-width: 240px) 100vw, 240px\" \/><\/a><\/p>\n<p><span style=\"font-family: 'arial black', 'avant garde'; color: #000000;\">CARACTERISTICAS:<\/span><\/p>\n<ul>\n<li><span style=\"font-family: 'arial black', 'avant garde'; color: #000000;\">DIMENS\u00d5ES \u2013 29 cm alt. x 15 cm larg.<\/span><\/li>\n<li><span style=\"font-family: 'arial black', 'avant garde'; color: #000000;\">MATERIAL \u2013 Bordado termocolante. Tecido em veludo. Linha bordar viscose.<\/span><\/li>\n<li><span style=\"font-family: 'arial black', 'avant garde'; color: #000000;\">TIPO DE APLICA\u00c7\u00c3O &#8211; Ferro de engomar\/prensa t\u00e9rmica\/m\u00e1quina de costura.<\/span><\/li>\n<li><span style=\"font-family: 'arial black', 'avant garde'; color: #000000;\">PRE\u00c7O \u2013 12,50 \u20ac ( iva inc ).<\/span><\/li>\n<\/ul>\n<p><span style=\"font-family: 'arial black', 'avant garde';\">\u00a0<\/span><\/p>\n<p style=\"text-align: center;\"><span style=\"font-family: 'arial black', 'avant garde'; color: #000000;\">PORTUGAL 1<\/span><\/p>\n<p><a href=\"https:\/\/www.brasoesdefamilia.pt\/wordpress\/wp-content\/uploads\/2014\/12\/PORTUGAL1.png\"><img loading=\"lazy\" decoding=\"async\" class=\" wp-image-262 size-medium aligncenter\" src=\"https:\/\/www.brasoesdefamilia.pt\/wordpress\/wp-content\/uploads\/2014\/12\/PORTUGAL1-209x300.png\" alt=\"PORTUGAL1\" width=\"209\" height=\"300\" srcset=\"https:\/\/www.brasoesdefamilia.pt\/wordpress\/wp-content\/uploads\/2014\/12\/PORTUGAL1-209x300.png 209w, https:\/\/www.brasoesdefamilia.pt\/wordpress\/wp-content\/uploads\/2014\/12\/PORTUGAL1-712x1024.png 712w, https:\/\/www.brasoesdefamilia.pt\/wordpress\/wp-content\/uploads\/2014\/12\/PORTUGAL1.png 1319w\" sizes=\"auto, (max-width: 209px) 100vw, 209px\" \/><\/a><\/p>\n<p><span style=\"font-family: 'arial black', 'avant garde'; color: #000000;\">CARACTERISTICAS :<\/span><\/p>\n<ul>\n<li><span style=\"font-family: 'arial black', 'avant garde'; color: #000000;\">DIMENS\u00d5ES \u2013 28,5 cm alt. X 15 cm larg.<\/span><\/li>\n<li><span style=\"font-family: 'arial black', 'avant garde'; color: #000000;\">MATERIAL \u2013 Bordado termocolante. Tecido em veludo. Linha bordar viscose.<\/span><\/li>\n<li><span style=\"font-family: 'arial black', 'avant garde'; color: #000000;\">TIPO DE APLICA\u00c7\u00c3O &#8211; Ferro de engomar\/prensa t\u00e9rmica\/m\u00e1quina de costura.<\/span><\/li>\n<li><span style=\"font-family: 'arial black', 'avant garde'; color: #000000;\">PRE\u00c7O \u2013 12,50 \u20ac ( iva inc ).<\/span><\/li>\n<\/ul>\n<p><span style=\"color: #000000;\">\u00a0<\/span><\/p>\n<p style=\"text-align: center;\"><span style=\"font-family: 'arial black', 'avant garde'; color: #000000;\">\u00a0PORTUGAL2<\/span><\/p>\n<p style=\"text-align: center;\"><a href=\"https:\/\/www.brasoesdefamilia.pt\/wordpress\/wp-content\/uploads\/2014\/12\/PORTUGAL21.png\"><img loading=\"lazy\" decoding=\"async\" class=\"aligncenter wp-image-271 size-medium\" src=\"https:\/\/www.brasoesdefamilia.pt\/wordpress\/wp-content\/uploads\/2014\/12\/PORTUGAL21-210x300.png\" alt=\"PORTUGAL2\" width=\"210\" height=\"300\" srcset=\"https:\/\/www.brasoesdefamilia.pt\/wordpress\/wp-content\/uploads\/2014\/12\/PORTUGAL21-210x300.png 210w, https:\/\/www.brasoesdefamilia.pt\/wordpress\/wp-content\/uploads\/2014\/12\/PORTUGAL21-716x1024.png 716w, https:\/\/www.brasoesdefamilia.pt\/wordpress\/wp-content\/uploads\/2014\/12\/PORTUGAL21.png 1675w\" sizes=\"auto, (max-width: 210px) 100vw, 210px\" \/><\/a><\/p>\n<p><span style=\"font-family: 'arial black', 'avant garde'; color: #000000;\">CARACTERISTICAS :<\/span><\/p>\n<ul>\n<li><span style=\"font-family: 'arial black', 'avant garde'; color: #000000;\">DIMENS\u00d5ES \u2013 17 cm alt. X 15 cm larg.<\/span><\/li>\n<li><span style=\"font-family: 'arial black', 'avant garde'; color: #000000;\">MATERIAL \u2013 Bordado termocolante. Tecido em veludo. Linha bordar viscose.<\/span><\/li>\n<li><span style=\"font-family: 'arial black', 'avant garde'; color: #000000;\">TIPO DE APLICA\u00c7\u00c3O &#8211; Ferro de engomar\/prensa t\u00e9rmica\/m\u00e1quina de costura.<\/span><\/li>\n<li><span style=\"font-family: 'arial black', 'avant garde'; color: #000000;\">PRE\u00c7O &#8211; 7,50 \u20ac ( iva inc ).<\/span><\/li>\n<\/ul>\n<p style=\"text-align: center;\"><span style=\"font-family: 'arial black', 'avant garde'; color: #000000;\">PORTUGAL3<\/span><\/p>\n<p><a href=\"https:\/\/www.brasoesdefamilia.pt\/wordpress\/wp-content\/uploads\/2014\/12\/PORTUGAL3.png\"><img loading=\"lazy\" decoding=\"async\" class=\"aligncenter wp-image-264 size-medium\" src=\"https:\/\/www.brasoesdefamilia.pt\/wordpress\/wp-content\/uploads\/2014\/12\/PORTUGAL3-239x300.png\" alt=\"PORTUGAL3\" width=\"239\" height=\"300\" srcset=\"https:\/\/www.brasoesdefamilia.pt\/wordpress\/wp-content\/uploads\/2014\/12\/PORTUGAL3-239x300.png 239w, https:\/\/www.brasoesdefamilia.pt\/wordpress\/wp-content\/uploads\/2014\/12\/PORTUGAL3-817x1024.png 817w, https:\/\/www.brasoesdefamilia.pt\/wordpress\/wp-content\/uploads\/2014\/12\/PORTUGAL3.png 1725w\" sizes=\"auto, (max-width: 239px) 100vw, 239px\" \/><\/a><\/p>\n<p><span style=\"font-family: 'arial black', 'avant garde'; color: #000000;\">CARACTERISTICAS :<\/span><\/p>\n<ul>\n<li><span style=\"font-family: 'arial black', 'avant garde'; color: #000000;\">DIMENS\u00d5ES \u2013 8 cm alt. X 6,5 cm larg.<\/span><\/li>\n<li><span style=\"font-family: 'arial black', 'avant garde'; color: #000000;\">MATERIAL \u2013 Bordado termocolante. Tecido em veludo. Linha bordar viscose.<\/span><\/li>\n<li><span style=\"font-family: 'arial black', 'avant garde'; color: #000000;\">TIPO DE APLICA\u00c7\u00c3O &#8211; Ferro de engomar\/prensa t\u00e9rmica\/m\u00e1quina de costura.<\/span><\/li>\n<li><span style=\"font-family: 'arial black', 'avant garde'; color: #000000;\">PRE\u00c7O \u2013 5,00 \u20ac ( iva inc ).<\/span><\/li>\n<\/ul>\n<p style=\"text-align: center;\"><span style=\"color: #000000;\">\u00a0<span style=\"font-family: 'arial black', 'avant garde';\">PORTUGAL4<\/span><\/span><\/p>\n<p><a href=\"https:\/\/www.brasoesdefamilia.pt\/wordpress\/wp-content\/uploads\/2014\/12\/PORTUGAL4.png\"><img loading=\"lazy\" decoding=\"async\" class=\"aligncenter wp-image-265 size-medium\" src=\"https:\/\/www.brasoesdefamilia.pt\/wordpress\/wp-content\/uploads\/2014\/12\/PORTUGAL4-273x300.png\" alt=\"PORTUGAL4\" width=\"273\" height=\"300\" srcset=\"https:\/\/www.brasoesdefamilia.pt\/wordpress\/wp-content\/uploads\/2014\/12\/PORTUGAL4-273x300.png 273w, https:\/\/www.brasoesdefamilia.pt\/wordpress\/wp-content\/uploads\/2014\/12\/PORTUGAL4.png 928w\" sizes=\"auto, (max-width: 273px) 100vw, 273px\" \/><\/a><\/p>\n<p><span style=\"font-family: 'arial black', 'avant garde'; color: #000000;\">CARACTERISTICAS :<\/span><\/p>\n<ul>\n<li><span style=\"font-family: 'arial black', 'avant garde'; color: #000000;\">DIMENS\u00d5ES \u2013 6,5 cm alt. X 4 cm larg.<\/span><\/li>\n<li><span style=\"font-family: 'arial black', 'avant garde'; color: #000000;\">MATERIAL \u2013 Bordado termocolante. Linha bordar viscose.<\/span><\/li>\n<li><span style=\"font-family: 'arial black', 'avant garde'; color: #000000;\">TIPO DE APLICA\u00c7\u00c3O &#8211; Ferro de engomar\/prensa t\u00e9rmica\/m\u00e1quina de costura.<\/span><\/li>\n<li><span style=\"font-family: 'arial black', 'avant garde'; color: #000000;\">PRE\u00c7O \u2013 3,00 \u20ac ( iva inc ).<\/span><\/li>\n<\/ul>\n<p style=\"text-align: center;\"><span style=\"font-family: 'arial black', 'avant garde';\">\u00a0PORTUGAL5<\/span><\/p>\n<p><a href=\"https:\/\/www.brasoesdefamilia.pt\/wordpress\/wp-content\/uploads\/2014\/12\/PORTUGAL5.png\"><img loading=\"lazy\" decoding=\"async\" class=\"aligncenter wp-image-266 size-medium\" src=\"https:\/\/www.brasoesdefamilia.pt\/wordpress\/wp-content\/uploads\/2014\/12\/PORTUGAL5-201x300.png\" alt=\"PORTUGAL5\" width=\"201\" height=\"300\" srcset=\"https:\/\/www.brasoesdefamilia.pt\/wordpress\/wp-content\/uploads\/2014\/12\/PORTUGAL5-201x300.png 201w, https:\/\/www.brasoesdefamilia.pt\/wordpress\/wp-content\/uploads\/2014\/12\/PORTUGAL5.png 463w\" sizes=\"auto, (max-width: 201px) 100vw, 201px\" \/><\/a><\/p>\n<p><span style=\"font-family: 'arial black', 'avant garde'; color: #000000;\">CARACTERISTICAS :<\/span><\/p>\n<ul>\n<li><span style=\"font-family: 'arial black', 'avant garde'; color: #000000;\">DIMENS\u00d5ES \u2013 7 cm alt. X 5,5 cm larg.<\/span><\/li>\n<li><span style=\"font-family: 'arial black', 'avant garde'; color: #000000;\">MATERIAL \u2013 Bordado termocolante. Tecido em veludo. Linha bordar viscose.<\/span><\/li>\n<li><span style=\"font-family: 'arial black', 'avant garde'; color: #000000;\">TIPO DE APLICA\u00c7\u00c3O &#8211; Ferro de engomar\/prensa t\u00e9rmica\/m\u00e1quina de costura.<\/span><\/li>\n<li><span style=\"font-family: 'arial black', 'avant garde'; color: #000000;\">PRE\u00c7O \u2013 5,00 \u20ac ( iva inc ).<\/span><\/li>\n<\/ul>\n<p style=\"text-align: center;\"><span style=\"font-family: 'arial black', 'avant garde'; color: #000000;\">Portugal 6<\/span><\/p>\n<p><a href=\"https:\/\/www.brasoesdefamilia.pt\/wordpress\/wp-content\/uploads\/2014\/12\/PORTUGAL6.png\"><img loading=\"lazy\" decoding=\"async\" class=\"aligncenter wp-image-267 size-medium\" src=\"https:\/\/www.brasoesdefamilia.pt\/wordpress\/wp-content\/uploads\/2014\/12\/PORTUGAL6-265x300.png\" alt=\"PORTUGAL6\" width=\"265\" height=\"300\" srcset=\"https:\/\/www.brasoesdefamilia.pt\/wordpress\/wp-content\/uploads\/2014\/12\/PORTUGAL6-265x300.png 265w, https:\/\/www.brasoesdefamilia.pt\/wordpress\/wp-content\/uploads\/2014\/12\/PORTUGAL6.png 513w\" sizes=\"auto, (max-width: 265px) 100vw, 265px\" \/><\/a><\/p>\n<p><span style=\"font-family: 'arial black', 'avant garde'; color: #000000;\">CARACTERISTICAS :<\/span><\/p>\n<ul>\n<li><span style=\"font-family: 'arial black', 'avant garde'; color: #000000;\">DIMENS\u00d5ES \u2013 20 cm alt. X 20 cm larg.<\/span><\/li>\n<li><span style=\"font-family: 'arial black', 'avant garde'; color: #000000;\">MATERIAL \u2013 Bordado termocolante. Tecido em veludo. Linha bordar viscose.<\/span><\/li>\n<li><span style=\"font-family: 'arial black', 'avant garde'; color: #000000;\">TIPO DE APLICA\u00c7\u00c3O &#8211; Ferro de engomar\/prensa t\u00e9rmica\/m\u00e1quina de costura.<\/span><\/li>\n<li><span style=\"font-family: 'arial black', 'avant garde'; color: #000000;\">PRE\u00c7O \u2013 12,50 \u20ac ( iva inc ).<\/span><\/li>\n<\/ul>\n<p><span style=\"color: #000000;\"><strong>\u00a0<\/strong><\/span><\/p>\n<p><span style=\"font-family: 'arial black', 'avant garde'; color: #000000;\">Portes de envio n\u00e3o inclu\u00eddos, por conta do cliente.<\/span><\/p>\n<p><span style=\"font-family: 'arial black', 'avant garde'; color: #000000;\">Fazemos envios para Portugal continental, A\u00e7ores e Madeira e para o estrangeiro ( pre\u00e7os sob consulta ).<\/span><\/p>\n<p><span style=\"font-family: 'arial black', 'avant garde'; color: #000000;\">Pagamento feito contra-reembolso, excepto para o estrangeiro em que o pagamento \u00e9 feito por transfer\u00eancia banc\u00e1ria com envio do respectivo\u00a0 comprovativo por e-mail.<\/span><\/p>\n","protected":false},"excerpt":{"rendered":"<p>ESCUDOS Espanha CARACTERISTICAS: DIMENS\u00d5ES \u2013 29 cm alt. x 15 cm larg. MATERIAL \u2013 Bordado termocolante. Tecido em veludo. Linha bordar viscose. TIPO DE APLICA\u00c7\u00c3O &#8211; Ferro de engomar\/prensa t\u00e9rmica\/m\u00e1quina de costura. PRE\u00c7O \u2013 12,50 \u20ac ( iva inc ). \u00a0 PORTUGAL 1 CARACTERISTICAS : DIMENS\u00d5ES \u2013 28,5 cm alt. X 15 cm larg. MATERIAL [&hellip;]<\/p>\n","protected":false},"author":3,"featured_media":0,"comment_status":"closed","ping_status":"closed","sticky":false,"template":"","format":"standard","meta":{"footnotes":""},"categories":[10],"tags":[],"class_list":["post-104","post","type-post","status-publish","format-standard","hentry","category-escudos"],"_links":{"self":[{"href":"https:\/\/www.brasoesdefamilia.pt\/wordpress\/index.php?rest_route=\/wp\/v2\/posts\/104","targetHints":{"allow":["GET"]}}],"collection":[{"href":"https:\/\/www.brasoesdefamilia.pt\/wordpress\/index.php?rest_route=\/wp\/v2\/posts"}],"about":[{"href":"https:\/\/www.brasoesdefamilia.pt\/wordpress\/index.php?rest_route=\/wp\/v2\/types\/post"}],"author":[{"embeddable":true,"href":"https:\/\/www.brasoesdefamilia.pt\/wordpress\/index.php?rest_route=\/wp\/v2\/users\/3"}],"replies":[{"embeddable":true,"href":"https:\/\/www.brasoesdefamilia.pt\/wordpress\/index.php?rest_route=%2Fwp%2Fv2%2Fcomments&post=104"}],"version-history":[{"count":7,"href":"https:\/\/www.brasoesdefamilia.pt\/wordpress\/index.php?rest_route=\/wp\/v2\/posts\/104\/revisions"}],"predecessor-version":[{"id":398,"href":"https:\/\/www.brasoesdefamilia.pt\/wordpress\/index.php?rest_route=\/wp\/v2\/posts\/104\/revisions\/398"}],"wp:attachment":[{"href":"https:\/\/www.brasoesdefamilia.pt\/wordpress\/index.php?rest_route=%2Fwp%2Fv2%2Fmedia&parent=104"}],"wp:term":[{"taxonomy":"category","embeddable":true,"href":"https:\/\/www.brasoesdefamilia.pt\/wordpress\/index.php?rest_route=%2Fwp%2Fv2%2Fcategories&post=104"},{"taxonomy":"post_tag","embeddable":true,"href":"https:\/\/www.brasoesdefamilia.pt\/wordpress\/index.php?rest_route=%2Fwp%2Fv2%2Ftags&post=104"}],"curies":[{"name":"wp","href":"https:\/\/api.w.org\/{rel}","templated":true}]}}