{"id":165,"date":"2014-12-10T13:50:42","date_gmt":"2014-12-10T13:50:42","guid":{"rendered":"http:\/\/www.brasoesdefamilia.pt\/wordpress\/?p=165"},"modified":"2024-04-10T10:29:54","modified_gmt":"2024-04-10T10:29:54","slug":"leoes","status":"publish","type":"post","link":"https:\/\/www.brasoesdefamilia.pt\/wordpress\/?p=165","title":{"rendered":"LE\u00d5ES"},"content":{"rendered":"<p style=\"text-align: center;\"><strong>\u00a0<\/strong><span style=\"font-family: 'arial black', 'avant garde';\">LE\u00c3O 1<\/span><\/p>\n<p><a href=\"https:\/\/www.brasoesdefamilia.pt\/wordpress\/wp-content\/uploads\/2014\/12\/LE\u00c3O2.png\"><img loading=\"lazy\" decoding=\"async\" class=\"aligncenter wp-image-305 size-medium\" src=\"https:\/\/www.brasoesdefamilia.pt\/wordpress\/wp-content\/uploads\/2014\/12\/LE\u00c3O2-219x300.png\" alt=\"LE\u00c3O2\" width=\"219\" height=\"300\" srcset=\"https:\/\/www.brasoesdefamilia.pt\/wordpress\/wp-content\/uploads\/2014\/12\/LE\u00c3O2-219x300.png 219w, https:\/\/www.brasoesdefamilia.pt\/wordpress\/wp-content\/uploads\/2014\/12\/LE\u00c3O2-748x1024.png 748w, https:\/\/www.brasoesdefamilia.pt\/wordpress\/wp-content\/uploads\/2014\/12\/LE\u00c3O2.png 1582w\" sizes=\"auto, (max-width: 219px) 100vw, 219px\" \/><\/a><\/p>\n<p>&nbsp;<\/p>\n<p style=\"text-align: center;\"><span style=\"color: #000000; font-family: 'arial black', 'avant garde';\">LE\u00c3O\u00a02<\/span><\/p>\n<p><a href=\"https:\/\/www.brasoesdefamilia.pt\/wordpress\/wp-content\/uploads\/2014\/12\/LE\u00c3O1.png\"><img loading=\"lazy\" decoding=\"async\" class=\"aligncenter wp-image-304 size-medium\" src=\"https:\/\/www.brasoesdefamilia.pt\/wordpress\/wp-content\/uploads\/2014\/12\/LE\u00c3O1-209x300.png\" alt=\"LE\u00c3O1\" width=\"209\" height=\"300\" srcset=\"https:\/\/www.brasoesdefamilia.pt\/wordpress\/wp-content\/uploads\/2014\/12\/LE\u00c3O1-209x300.png 209w, https:\/\/www.brasoesdefamilia.pt\/wordpress\/wp-content\/uploads\/2014\/12\/LE\u00c3O1-712x1024.png 712w, https:\/\/www.brasoesdefamilia.pt\/wordpress\/wp-content\/uploads\/2014\/12\/LE\u00c3O1.png 1442w\" sizes=\"auto, (max-width: 209px) 100vw, 209px\" \/><\/a><\/p>\n<p style=\"text-align: left;\"><span style=\"font-family: 'arial black', 'avant garde';\">CARACTERISTICAS: \u00a0<\/span><\/p>\n<ul>\n<li style=\"text-align: left;\"><span style=\"font-family: 'arial black', 'avant garde';\">DIMENS\u00d5ES \u2013 36 cm alt.X23,5cm larg. \u00a0 \u00a0 \u00a0 \u00a0 \u00a0 \u00a0 \u00a0 \u00a0 \u00a0 \u00a0 \u00a0 <\/span><\/li>\n<li style=\"text-align: left;\"><span style=\"font-family: 'arial black', 'avant garde';\">MATERIAL \u2013 Bordado termocolante. Linha de bordar viscose. \u00a0 <\/span><\/li>\n<li style=\"text-align: left;\"><span style=\"font-family: 'arial black', 'avant garde';\">TIPO DE APLICA\u00c7\u00c3O \u2013 Ferro de engomar\/prensa t\u00e9rmica\/m\u00e1quina de costura. <\/span><\/li>\n<li style=\"text-align: left;\"><span style=\"font-family: 'arial black', 'avant garde';\">PRE\u00c7O \u2013 12,50 \u20ac ( iva incluido).<\/span><\/li>\n<\/ul>\n<p style=\"text-align: center;\"><span style=\"font-family: 'arial black', 'avant garde';\">LE\u00c3O 3<\/span><\/p>\n<p><a href=\"https:\/\/www.brasoesdefamilia.pt\/wordpress\/wp-content\/uploads\/2014\/12\/LE\u00c3O3.png\"><img loading=\"lazy\" decoding=\"async\" class=\" size-medium wp-image-307 aligncenter\" src=\"https:\/\/www.brasoesdefamilia.pt\/wordpress\/wp-content\/uploads\/2014\/12\/LE\u00c3O3-223x300.png\" alt=\"LE\u00c3O3\" width=\"223\" height=\"300\" srcset=\"https:\/\/www.brasoesdefamilia.pt\/wordpress\/wp-content\/uploads\/2014\/12\/LE\u00c3O3-223x300.png 223w, https:\/\/www.brasoesdefamilia.pt\/wordpress\/wp-content\/uploads\/2014\/12\/LE\u00c3O3-762x1024.png 762w, https:\/\/www.brasoesdefamilia.pt\/wordpress\/wp-content\/uploads\/2014\/12\/LE\u00c3O3.png 1599w\" sizes=\"auto, (max-width: 223px) 100vw, 223px\" \/><\/a><\/p>\n<p style=\"text-align: center;\"><span style=\"color: #000000; font-family: 'arial black', 'avant garde';\">LE\u00c3O\u00a04<\/span><\/p>\n<p><a href=\"https:\/\/www.brasoesdefamilia.pt\/wordpress\/wp-content\/uploads\/2014\/12\/LE\u00c3O4.png\"><img loading=\"lazy\" decoding=\"async\" class=\"aligncenter wp-image-308 size-medium\" src=\"https:\/\/www.brasoesdefamilia.pt\/wordpress\/wp-content\/uploads\/2014\/12\/LE\u00c3O4-233x300.png\" alt=\"LE\u00c3O4\" width=\"233\" height=\"300\" srcset=\"https:\/\/www.brasoesdefamilia.pt\/wordpress\/wp-content\/uploads\/2014\/12\/LE\u00c3O4-233x300.png 233w, https:\/\/www.brasoesdefamilia.pt\/wordpress\/wp-content\/uploads\/2014\/12\/LE\u00c3O4-794x1024.png 794w, https:\/\/www.brasoesdefamilia.pt\/wordpress\/wp-content\/uploads\/2014\/12\/LE\u00c3O4.png 1582w\" sizes=\"auto, (max-width: 233px) 100vw, 233px\" \/><\/a><\/p>\n<p style=\"text-align: left;\"><span style=\"font-family: 'arial black', 'avant garde';\">CARACTERISTICAS:<\/span><\/p>\n<ul>\n<li style=\"text-align: left;\"><span style=\"font-family: 'arial black', 'avant garde';\">DIMENS\u00d5ES \u2013 23,5 cm alt. X 18cm larg. <\/span><\/li>\n<li style=\"text-align: left;\"><span style=\"font-family: 'arial black', 'avant garde';\">MATERIAL \u2013 Bordado termocolante.Linha de bordar viscose. \u00a0<\/span><\/li>\n<li style=\"text-align: left;\"><span style=\"font-family: 'arial black', 'avant garde';\">TIPO DE APLICA\u00c7\u00c3O &#8211; Ferro de engomar\/prensa t\u00e9rmica\/m\u00e1quina de costura. <\/span><\/li>\n<li style=\"text-align: left;\"><span style=\"font-family: 'arial black', 'avant garde';\">PRE\u00c7O \u2013 10,00 \u20ac ( iva inc )<\/span><\/li>\n<\/ul>\n<p style=\"text-align: center;\"><span style=\"font-family: 'arial black', 'avant garde';\">LE\u00c3O\u00a05<\/span><\/p>\n<p style=\"text-align: center;\"><a href=\"https:\/\/www.brasoesdefamilia.pt\/wordpress\/wp-content\/uploads\/2014\/12\/LE\u00c3O6.png\"><img loading=\"lazy\" decoding=\"async\" class=\" size-medium wp-image-310 aligncenter\" src=\"https:\/\/www.brasoesdefamilia.pt\/wordpress\/wp-content\/uploads\/2014\/12\/LE\u00c3O6-274x300.png\" alt=\"LE\u00c3O6\" width=\"274\" height=\"300\" srcset=\"https:\/\/www.brasoesdefamilia.pt\/wordpress\/wp-content\/uploads\/2014\/12\/LE\u00c3O6-274x300.png 274w, https:\/\/www.brasoesdefamilia.pt\/wordpress\/wp-content\/uploads\/2014\/12\/LE\u00c3O6-935x1024.png 935w, https:\/\/www.brasoesdefamilia.pt\/wordpress\/wp-content\/uploads\/2014\/12\/LE\u00c3O6.png 1251w\" sizes=\"auto, (max-width: 274px) 100vw, 274px\" \/><\/a><span style=\"font-family: 'arial black', 'avant garde';\">LE\u00c3O 6<\/span><\/p>\n<p><a href=\"https:\/\/www.brasoesdefamilia.pt\/wordpress\/wp-content\/uploads\/2014\/12\/LE\u00c3O5.png\"><img loading=\"lazy\" decoding=\"async\" class=\"aligncenter wp-image-309 size-medium\" src=\"https:\/\/www.brasoesdefamilia.pt\/wordpress\/wp-content\/uploads\/2014\/12\/LE\u00c3O5-255x300.png\" alt=\"LE\u00c3O5\" width=\"255\" height=\"300\" srcset=\"https:\/\/www.brasoesdefamilia.pt\/wordpress\/wp-content\/uploads\/2014\/12\/LE\u00c3O5-255x300.png 255w, https:\/\/www.brasoesdefamilia.pt\/wordpress\/wp-content\/uploads\/2014\/12\/LE\u00c3O5-870x1024.png 870w, https:\/\/www.brasoesdefamilia.pt\/wordpress\/wp-content\/uploads\/2014\/12\/LE\u00c3O5.png 955w\" sizes=\"auto, (max-width: 255px) 100vw, 255px\" \/><\/a><\/p>\n<p style=\"text-align: left;\"><span style=\"font-family: 'arial black', 'avant garde';\">CARACTERISTICAS :<\/span><\/p>\n<ul>\n<li style=\"text-align: left;\"><span style=\"font-family: 'arial black', 'avant garde';\"> DIMENS\u00d5ES \u2013 12 cm alt. X 9 cm larg. <\/span><\/li>\n<li style=\"text-align: left;\"><span style=\"font-family: 'arial black', 'avant garde';\">MATERIAL \u2013 Bordado termocolante. Linha de bordar viscose <\/span><\/li>\n<li style=\"text-align: left;\"><span style=\"font-family: 'arial black', 'avant garde';\">TIPO DE APLICA\u00c7\u00c3O &#8211; Ferro de engomar\/prensa t\u00e9rmica\/m\u00e1quina de costura. <\/span><\/li>\n<li style=\"text-align: left;\"><span style=\"font-family: 'arial black', 'avant garde';\">PRE\u00c7O \u2013 5,00 \u20ac ( iva inc ).<\/span><\/li>\n<\/ul>\n<p style=\"text-align: center;\"><span style=\"font-family: 'arial black', 'avant garde';\">LE\u00c3O7<\/span><\/p>\n<p><a href=\"https:\/\/www.brasoesdefamilia.pt\/wordpress\/wp-content\/uploads\/2014\/12\/LE\u00c3O7.png\"><img loading=\"lazy\" decoding=\"async\" class=\" size-medium wp-image-311 aligncenter\" src=\"https:\/\/www.brasoesdefamilia.pt\/wordpress\/wp-content\/uploads\/2014\/12\/LE\u00c3O7-401x300.png\" alt=\"LE\u00c3O7\" width=\"401\" height=\"300\" srcset=\"https:\/\/www.brasoesdefamilia.pt\/wordpress\/wp-content\/uploads\/2014\/12\/LE\u00c3O7-401x300.png 401w, https:\/\/www.brasoesdefamilia.pt\/wordpress\/wp-content\/uploads\/2014\/12\/LE\u00c3O7-1024x766.png 1024w, https:\/\/www.brasoesdefamilia.pt\/wordpress\/wp-content\/uploads\/2014\/12\/LE\u00c3O7.png 1243w\" sizes=\"auto, (max-width: 401px) 100vw, 401px\" \/><\/a><\/p>\n<p style=\"text-align: center;\"><span style=\"font-family: 'arial black', 'avant garde';\">LE\u00c3O8<\/span><\/p>\n<p><a href=\"https:\/\/www.brasoesdefamilia.pt\/wordpress\/wp-content\/uploads\/2014\/12\/LE\u00c3O8.png\"><img loading=\"lazy\" decoding=\"async\" class=\"aligncenter wp-image-312 size-medium\" src=\"https:\/\/www.brasoesdefamilia.pt\/wordpress\/wp-content\/uploads\/2014\/12\/LE\u00c3O8-375x300.png\" alt=\"LE\u00c3O8\" width=\"375\" height=\"300\" srcset=\"https:\/\/www.brasoesdefamilia.pt\/wordpress\/wp-content\/uploads\/2014\/12\/LE\u00c3O8-375x300.png 375w, https:\/\/www.brasoesdefamilia.pt\/wordpress\/wp-content\/uploads\/2014\/12\/LE\u00c3O8-1024x819.png 1024w, https:\/\/www.brasoesdefamilia.pt\/wordpress\/wp-content\/uploads\/2014\/12\/LE\u00c3O8.png 1099w\" sizes=\"auto, (max-width: 375px) 100vw, 375px\" \/><\/a><\/p>\n<p><span style=\"font-family: 'arial black', 'avant garde'; color: #000000;\">CARACTERISTICAS : <\/span><\/p>\n<ul>\n<li><span style=\"font-family: 'arial black', 'avant garde'; color: #000000;\">DIMENS\u00d5ES \u2013 16 cm alt. X 20 cm larg. <\/span><\/li>\n<li><span style=\"font-family: 'arial black', 'avant garde'; color: #000000;\">MATERIAL \u2013 Bordado termocolante. Tecido em veludo, contorno com linha de bordar viscose. <\/span><\/li>\n<li><span style=\"font-family: 'arial black', 'avant garde'; color: #000000;\">TIPO DE APLICA\u00c7\u00c3O &#8211; Ferro de engomar\/prensa t\u00e9rmica\/m\u00e1quina de costura.<\/span><\/li>\n<li><span style=\"font-family: 'arial black', 'avant garde'; color: #000000;\">PRE\u00c7O \u2013 7,50 \u20ac ( iva inc ).<\/span><\/li>\n<\/ul>\n<p>&nbsp;<\/p>\n<p><span style=\"font-family: 'arial black', 'avant garde'; color: #000000;\">Portes de envio n\u00e3o inclu\u00eddos, por conta do cliente.<\/span><\/p>\n<p><span style=\"font-family: 'arial black', 'avant garde'; color: #000000;\">Fazemos envios para Portugal continental, A\u00e7ores e Madeira e para o estrangeiro ( pre\u00e7os sob consulta )<\/span><\/p>\n<p><span style=\"font-family: 'arial black', 'avant garde'; color: #000000;\">Pagamento feito contra-reembolso, excepto para o estrangeiro em que o pagamento \u00e9 feito por transfer\u00eancia banc\u00e1ria com envio do respectivo\u00a0 comprovativo por e-mail<\/span><\/p>\n","protected":false},"excerpt":{"rendered":"<p>\u00a0LE\u00c3O 1 &nbsp; LE\u00c3O\u00a02 CARACTERISTICAS: \u00a0 DIMENS\u00d5ES \u2013 36 cm alt.X23,5cm larg. \u00a0 \u00a0 \u00a0 \u00a0 \u00a0 \u00a0 \u00a0 \u00a0 \u00a0 \u00a0 \u00a0 MATERIAL \u2013 Bordado termocolante. Linha de bordar viscose. \u00a0 TIPO DE APLICA\u00c7\u00c3O \u2013 Ferro de engomar\/prensa t\u00e9rmica\/m\u00e1quina de costura. PRE\u00c7O \u2013 12,50 \u20ac ( iva incluido). LE\u00c3O 3 LE\u00c3O\u00a04 CARACTERISTICAS: DIMENS\u00d5ES \u2013 [&hellip;]<\/p>\n","protected":false},"author":3,"featured_media":0,"comment_status":"closed","ping_status":"closed","sticky":false,"template":"","format":"standard","meta":{"footnotes":""},"categories":[13],"tags":[],"class_list":["post-165","post","type-post","status-publish","format-standard","hentry","category-leoes"],"_links":{"self":[{"href":"https:\/\/www.brasoesdefamilia.pt\/wordpress\/index.php?rest_route=\/wp\/v2\/posts\/165","targetHints":{"allow":["GET"]}}],"collection":[{"href":"https:\/\/www.brasoesdefamilia.pt\/wordpress\/index.php?rest_route=\/wp\/v2\/posts"}],"about":[{"href":"https:\/\/www.brasoesdefamilia.pt\/wordpress\/index.php?rest_route=\/wp\/v2\/types\/post"}],"author":[{"embeddable":true,"href":"https:\/\/www.brasoesdefamilia.pt\/wordpress\/index.php?rest_route=\/wp\/v2\/users\/3"}],"replies":[{"embeddable":true,"href":"https:\/\/www.brasoesdefamilia.pt\/wordpress\/index.php?rest_route=%2Fwp%2Fv2%2Fcomments&post=165"}],"version-history":[{"count":32,"href":"https:\/\/www.brasoesdefamilia.pt\/wordpress\/index.php?rest_route=\/wp\/v2\/posts\/165\/revisions"}],"predecessor-version":[{"id":372,"href":"https:\/\/www.brasoesdefamilia.pt\/wordpress\/index.php?rest_route=\/wp\/v2\/posts\/165\/revisions\/372"}],"wp:attachment":[{"href":"https:\/\/www.brasoesdefamilia.pt\/wordpress\/index.php?rest_route=%2Fwp%2Fv2%2Fmedia&parent=165"}],"wp:term":[{"taxonomy":"category","embeddable":true,"href":"https:\/\/www.brasoesdefamilia.pt\/wordpress\/index.php?rest_route=%2Fwp%2Fv2%2Fcategories&post=165"},{"taxonomy":"post_tag","embeddable":true,"href":"https:\/\/www.brasoesdefamilia.pt\/wordpress\/index.php?rest_route=%2Fwp%2Fv2%2Ftags&post=165"}],"curies":[{"name":"wp","href":"https:\/\/api.w.org\/{rel}","templated":true}]}}