{"id":505,"date":"2016-01-20T23:01:35","date_gmt":"2016-01-20T23:01:35","guid":{"rendered":"http:\/\/www.brasoesdefamilia.pt\/wordpress\/?p=505"},"modified":"2024-04-10T10:29:54","modified_gmt":"2024-04-10T10:29:54","slug":"505","status":"publish","type":"post","link":"https:\/\/www.brasoesdefamilia.pt\/wordpress\/?p=505","title":{"rendered":""},"content":{"rendered":"<p style=\"text-align: center;\"><span style=\"font-family: tahoma, arial, helvetica, sans-serif; color: #333399; font-size: 24pt;\">\u00c1rvores Geneal\u00f3gicas<\/span><\/p>\n<p style=\"text-align: center;\"><strong><span style=\"font-family: tahoma, arial, helvetica, sans-serif; font-size: 18pt;\">Construa a sua<\/span><\/strong><\/p>\n<p style=\"text-align: left;\"><span style=\"font-family: 'book antiqua', palatino;\">\u00a0 \u00a0 \u00a0 \u00a0 \u00a0 \u00a0 \u00a0 \u00a0 \u00a0\u00a0<span style=\"font-size: 14pt;\">\u00a0<strong><span style=\"font-size: 12pt;\">Exemplo duas \u00a0fam\u00edlias<\/span><\/strong><\/span>\u00a0 \u00a0 \u00a0 \u00a0 \u00a0 \u00a0 \u00a0 \u00a0 \u00a0 \u00a0 \u00a0 \u00a0 \u00a0 \u00a0 \u00a0 \u00a0 \u00a0 \u00a0 \u00a0 \u00a0 \u00a0 \u00a0 \u00a0 \u00a0 \u00a0 \u00a0 \u00a0 \u00a0 \u00a0 \u00a0 \u00a0 \u00a0 \u00a0 \u00a0\u00a0<strong><span style=\"font-size: 12pt;\">Exemplo uma fam\u00edlia<\/span><\/strong><\/span><\/p>\n<p style=\"text-align: center;\"><img loading=\"lazy\" decoding=\"async\" class=\"alignnone size-medium wp-image-508\" src=\"https:\/\/www.brasoesdefamilia.pt\/wordpress\/wp-content\/uploads\/2016\/01\/MONTAGEM-ARVORE-GENEALOGICA-2-FAMILIAS-212x300.jpg\" alt=\"MONTAGEM ARVORE GENEALOGICA 2 FAMILIAS\" width=\"212\" height=\"300\" srcset=\"https:\/\/www.brasoesdefamilia.pt\/wordpress\/wp-content\/uploads\/2016\/01\/MONTAGEM-ARVORE-GENEALOGICA-2-FAMILIAS-212x300.jpg 212w, https:\/\/www.brasoesdefamilia.pt\/wordpress\/wp-content\/uploads\/2016\/01\/MONTAGEM-ARVORE-GENEALOGICA-2-FAMILIAS-768x1086.jpg 768w, https:\/\/www.brasoesdefamilia.pt\/wordpress\/wp-content\/uploads\/2016\/01\/MONTAGEM-ARVORE-GENEALOGICA-2-FAMILIAS-724x1024.jpg 724w\" sizes=\"auto, (max-width: 212px) 100vw, 212px\" \/>\u00a0 \u00a0 \u00a0 \u00a0 \u00a0 \u00a0 \u00a0 \u00a0 \u00a0\u00a0\u00a0 \u00a0 \u00a0 \u00a0 \u00a0 \u00a0 \u00a0 \u00a0 \u00a0 \u00a0\u00a0<img loading=\"lazy\" decoding=\"async\" class=\"alignnone size-medium wp-image-509\" src=\"https:\/\/www.brasoesdefamilia.pt\/wordpress\/wp-content\/uploads\/2016\/01\/MONTAGEM-ARVORE-GENEALOGICA-1-FAMILIA-212x300.jpg\" alt=\"MONTAGEM ARVORE GENEALOGICA 1 FAMILIA\" width=\"212\" height=\"300\" srcset=\"https:\/\/www.brasoesdefamilia.pt\/wordpress\/wp-content\/uploads\/2016\/01\/MONTAGEM-ARVORE-GENEALOGICA-1-FAMILIA-212x300.jpg 212w, https:\/\/www.brasoesdefamilia.pt\/wordpress\/wp-content\/uploads\/2016\/01\/MONTAGEM-ARVORE-GENEALOGICA-1-FAMILIA-768x1086.jpg 768w, https:\/\/www.brasoesdefamilia.pt\/wordpress\/wp-content\/uploads\/2016\/01\/MONTAGEM-ARVORE-GENEALOGICA-1-FAMILIA-724x1024.jpg 724w\" sizes=\"auto, (max-width: 212px) 100vw, 212px\" \/><\/p>\n<p style=\"text-align: center;\"><span style=\"color: #993300; font-size: 24pt;\"><strong><span style=\"font-family: tahoma, arial, helvetica, sans-serif;\">Para construir<\/span><\/strong><\/span><\/p>\n<p style=\"text-align: center;\"><img loading=\"lazy\" decoding=\"async\" class=\"alignnone size-medium wp-image-551\" src=\"https:\/\/www.brasoesdefamilia.pt\/wordpress\/wp-content\/uploads\/2016\/01\/ARVORE-2A-familias-212x300.jpg\" alt=\"ARVORE 2A familias\" width=\"212\" height=\"300\" srcset=\"https:\/\/www.brasoesdefamilia.pt\/wordpress\/wp-content\/uploads\/2016\/01\/ARVORE-2A-familias-212x300.jpg 212w, https:\/\/www.brasoesdefamilia.pt\/wordpress\/wp-content\/uploads\/2016\/01\/ARVORE-2A-familias-768x1086.jpg 768w, https:\/\/www.brasoesdefamilia.pt\/wordpress\/wp-content\/uploads\/2016\/01\/ARVORE-2A-familias-724x1024.jpg 724w\" sizes=\"auto, (max-width: 212px) 100vw, 212px\" \/>\u00a0 \u00a0 \u00a0 \u00a0 \u00a0 \u00a0 \u00a0 \u00a0\u00a0<img loading=\"lazy\" decoding=\"async\" class=\"alignnone size-medium wp-image-552\" src=\"https:\/\/www.brasoesdefamilia.pt\/wordpress\/wp-content\/uploads\/2016\/01\/ARVORE-1A-familia-212x300.jpg\" alt=\"ARVORE 1A familia\" width=\"212\" height=\"300\" srcset=\"https:\/\/www.brasoesdefamilia.pt\/wordpress\/wp-content\/uploads\/2016\/01\/ARVORE-1A-familia-212x300.jpg 212w, https:\/\/www.brasoesdefamilia.pt\/wordpress\/wp-content\/uploads\/2016\/01\/ARVORE-1A-familia-768x1086.jpg 768w, https:\/\/www.brasoesdefamilia.pt\/wordpress\/wp-content\/uploads\/2016\/01\/ARVORE-1A-familia-724x1024.jpg 724w\" sizes=\"auto, (max-width: 212px) 100vw, 212px\" \/><\/p>\n<p style=\"text-align: center;\"><span style=\"font-size: 12pt;\"><strong><span style=\"font-family: tahoma, arial, helvetica, sans-serif;\">Cartolina impressa A3+<\/span><\/strong><\/span><\/p>\n<p style=\"text-align: center;\"><img loading=\"lazy\" decoding=\"async\" class=\"alignnone wp-image-484\" src=\"https:\/\/www.brasoesdefamilia.pt\/wordpress\/wp-content\/uploads\/2016\/01\/BRAS\u00c3O-2-219x300.png\" alt=\"BRAS\u00c3O 2\" width=\"150\" height=\"205\" srcset=\"https:\/\/www.brasoesdefamilia.pt\/wordpress\/wp-content\/uploads\/2016\/01\/BRAS\u00c3O-2-219x300.png 219w, https:\/\/www.brasoesdefamilia.pt\/wordpress\/wp-content\/uploads\/2016\/01\/BRAS\u00c3O-2.png 683w\" sizes=\"auto, (max-width: 150px) 100vw, 150px\" \/>\u00a0<img loading=\"lazy\" decoding=\"async\" class=\"alignnone wp-image-485\" src=\"https:\/\/www.brasoesdefamilia.pt\/wordpress\/wp-content\/uploads\/2016\/01\/BRAS\u00c3O-3-219x300.png\" alt=\"BRAS\u00c3O 3\" width=\"150\" height=\"205\" srcset=\"https:\/\/www.brasoesdefamilia.pt\/wordpress\/wp-content\/uploads\/2016\/01\/BRAS\u00c3O-3-219x300.png 219w, https:\/\/www.brasoesdefamilia.pt\/wordpress\/wp-content\/uploads\/2016\/01\/BRAS\u00c3O-3.png 682w\" sizes=\"auto, (max-width: 150px) 100vw, 150px\" \/>\u00a0<img loading=\"lazy\" decoding=\"async\" class=\"alignnone wp-image-533\" src=\"https:\/\/www.brasoesdefamilia.pt\/wordpress\/wp-content\/uploads\/2016\/01\/BRAS\u00c3O-4-219x300.png\" alt=\"BRAS\u00c3O 4\" width=\"150\" height=\"205\" srcset=\"https:\/\/www.brasoesdefamilia.pt\/wordpress\/wp-content\/uploads\/2016\/01\/BRAS\u00c3O-4-219x300.png 219w, https:\/\/www.brasoesdefamilia.pt\/wordpress\/wp-content\/uploads\/2016\/01\/BRAS\u00c3O-4.png 682w\" sizes=\"auto, (max-width: 150px) 100vw, 150px\" \/><\/p>\n<p style=\"text-align: center;\"><span style=\"font-size: 12pt;\"><strong><span style=\"font-family: tahoma, arial, helvetica, sans-serif;\">Bras\u00e3o autocolante<\/span><\/strong><\/span><\/p>\n<p style=\"text-align: center;\"><img loading=\"lazy\" decoding=\"async\" class=\"alignnone wp-image-515\" src=\"https:\/\/www.brasoesdefamilia.pt\/wordpress\/wp-content\/uploads\/2016\/01\/PERGAMINHO-AUTOCOLANTE.jpg\" alt=\"PERGAMINHO AUTOCOLANTE\" width=\"140\" height=\"103\" \/><\/p>\n<p style=\"text-align: center;\"><span style=\"font-size: 12pt;\"><strong><span style=\"font-family: tahoma, arial, helvetica, sans-serif;\">Pergaminho autocolante para inscri\u00e7\u00e3o do nome ou coloca\u00e7\u00e3o de foto<\/span><\/strong><\/span><\/p>\n<p style=\"text-align: center;\">\n<p style=\"text-align: center;\">\n<p style=\"text-align: left;\"><span style=\"font-family: tahoma, arial, helvetica, sans-serif; font-size: 12pt;\">Pre\u00e7os :<\/span><\/p>\n<p style=\"text-align: left;\"><span style=\"font-family: tahoma, arial, helvetica, sans-serif; font-size: 12pt;\">Cartolina impressa &#8211; 7,50 \u20ac \/ un.<\/span><\/p>\n<p style=\"text-align: left;\"><span style=\"font-family: tahoma, arial, helvetica, sans-serif; font-size: 12pt;\">Bras\u00e3o autocolante &#8211; 2,50 \u20ac \/ un.<\/span><\/p>\n<p style=\"text-align: left;\"><span style=\"font-family: tahoma, arial, helvetica, sans-serif; font-size: 12pt;\">Pergaminho autocolante &#8211; 2,50 \u20ac \/ pack com 5 unidades.\u00a0<\/span><\/p>\n","protected":false},"excerpt":{"rendered":"<p>\u00c1rvores Geneal\u00f3gicas Construa a sua \u00a0 \u00a0 \u00a0 \u00a0 \u00a0 \u00a0 \u00a0 \u00a0 \u00a0\u00a0\u00a0Exemplo duas \u00a0fam\u00edlias\u00a0 \u00a0 \u00a0 \u00a0 \u00a0 \u00a0 \u00a0 \u00a0 \u00a0 \u00a0 \u00a0 \u00a0 \u00a0 \u00a0 \u00a0 \u00a0 \u00a0 \u00a0 \u00a0 \u00a0 \u00a0 \u00a0 \u00a0 \u00a0 \u00a0 \u00a0 \u00a0 \u00a0 \u00a0 \u00a0 \u00a0 \u00a0 \u00a0 \u00a0\u00a0Exemplo uma fam\u00edlia \u00a0 \u00a0 \u00a0 \u00a0 [&hellip;]<\/p>\n","protected":false},"author":3,"featured_media":0,"comment_status":"closed","ping_status":"closed","sticky":false,"template":"","format":"standard","meta":{"footnotes":""},"categories":[21],"tags":[],"class_list":["post-505","post","type-post","status-publish","format-standard","hentry","category-arvores-genealogicas"],"_links":{"self":[{"href":"https:\/\/www.brasoesdefamilia.pt\/wordpress\/index.php?rest_route=\/wp\/v2\/posts\/505","targetHints":{"allow":["GET"]}}],"collection":[{"href":"https:\/\/www.brasoesdefamilia.pt\/wordpress\/index.php?rest_route=\/wp\/v2\/posts"}],"about":[{"href":"https:\/\/www.brasoesdefamilia.pt\/wordpress\/index.php?rest_route=\/wp\/v2\/types\/post"}],"author":[{"embeddable":true,"href":"https:\/\/www.brasoesdefamilia.pt\/wordpress\/index.php?rest_route=\/wp\/v2\/users\/3"}],"replies":[{"embeddable":true,"href":"https:\/\/www.brasoesdefamilia.pt\/wordpress\/index.php?rest_route=%2Fwp%2Fv2%2Fcomments&post=505"}],"version-history":[{"count":23,"href":"https:\/\/www.brasoesdefamilia.pt\/wordpress\/index.php?rest_route=\/wp\/v2\/posts\/505\/revisions"}],"predecessor-version":[{"id":614,"href":"https:\/\/www.brasoesdefamilia.pt\/wordpress\/index.php?rest_route=\/wp\/v2\/posts\/505\/revisions\/614"}],"wp:attachment":[{"href":"https:\/\/www.brasoesdefamilia.pt\/wordpress\/index.php?rest_route=%2Fwp%2Fv2%2Fmedia&parent=505"}],"wp:term":[{"taxonomy":"category","embeddable":true,"href":"https:\/\/www.brasoesdefamilia.pt\/wordpress\/index.php?rest_route=%2Fwp%2Fv2%2Fcategories&post=505"},{"taxonomy":"post_tag","embeddable":true,"href":"https:\/\/www.brasoesdefamilia.pt\/wordpress\/index.php?rest_route=%2Fwp%2Fv2%2Ftags&post=505"}],"curies":[{"name":"wp","href":"https:\/\/api.w.org\/{rel}","templated":true}]}}