{"id":85,"date":"2014-12-10T12:38:25","date_gmt":"2014-12-10T12:38:25","guid":{"rendered":"http:\/\/www.brasoesdefamilia.pt\/wordpress\/?p=85"},"modified":"2024-04-10T10:29:54","modified_gmt":"2024-04-10T10:29:54","slug":"brasoes","status":"publish","type":"post","link":"https:\/\/www.brasoesdefamilia.pt\/wordpress\/?p=85","title":{"rendered":"Bras\u00f5es"},"content":{"rendered":"<p style=\"text-align: center;\"><span style=\"font-family: 'arial black', 'avant garde'; color: #000000;\"><img loading=\"lazy\" decoding=\"async\" class=\"alignnone wp-image-424 size-medium\" src=\"https:\/\/www.brasoesdefamilia.pt\/wordpress\/wp-content\/uploads\/2016\/01\/BRAS\u00c3O2-246x300.jpg\" alt=\"BRAS\u00c3O2\" width=\"246\" height=\"300\" srcset=\"https:\/\/www.brasoesdefamilia.pt\/wordpress\/wp-content\/uploads\/2016\/01\/BRAS\u00c3O2-246x300.jpg 246w, https:\/\/www.brasoesdefamilia.pt\/wordpress\/wp-content\/uploads\/2016\/01\/BRAS\u00c3O2-768x937.jpg 768w, https:\/\/www.brasoesdefamilia.pt\/wordpress\/wp-content\/uploads\/2016\/01\/BRAS\u00c3O2-840x1024.jpg 840w, https:\/\/www.brasoesdefamilia.pt\/wordpress\/wp-content\/uploads\/2016\/01\/BRAS\u00c3O2.jpg 1116w\" sizes=\"auto, (max-width: 246px) 100vw, 246px\" \/><img loading=\"lazy\" decoding=\"async\" class=\"alignnone wp-image-423 size-medium\" src=\"https:\/\/www.brasoesdefamilia.pt\/wordpress\/wp-content\/uploads\/2016\/01\/BRAS\u00c3O1-246x300.jpg\" alt=\"BRAS\u00c3O1\" width=\"246\" height=\"300\" srcset=\"https:\/\/www.brasoesdefamilia.pt\/wordpress\/wp-content\/uploads\/2016\/01\/BRAS\u00c3O1-246x300.jpg 246w, https:\/\/www.brasoesdefamilia.pt\/wordpress\/wp-content\/uploads\/2016\/01\/BRAS\u00c3O1-768x937.jpg 768w, https:\/\/www.brasoesdefamilia.pt\/wordpress\/wp-content\/uploads\/2016\/01\/BRAS\u00c3O1-840x1024.jpg 840w, https:\/\/www.brasoesdefamilia.pt\/wordpress\/wp-content\/uploads\/2016\/01\/BRAS\u00c3O1.jpg 1116w\" sizes=\"auto, (max-width: 246px) 100vw, 246px\" \/><img loading=\"lazy\" decoding=\"async\" class=\"alignnone wp-image-425 size-medium\" src=\"https:\/\/www.brasoesdefamilia.pt\/wordpress\/wp-content\/uploads\/2016\/01\/BRAS\u00c3O3-246x300.jpg\" alt=\"BRAS\u00c3O3\" width=\"246\" height=\"300\" srcset=\"https:\/\/www.brasoesdefamilia.pt\/wordpress\/wp-content\/uploads\/2016\/01\/BRAS\u00c3O3-246x300.jpg 246w, https:\/\/www.brasoesdefamilia.pt\/wordpress\/wp-content\/uploads\/2016\/01\/BRAS\u00c3O3-768x937.jpg 768w, https:\/\/www.brasoesdefamilia.pt\/wordpress\/wp-content\/uploads\/2016\/01\/BRAS\u00c3O3-840x1024.jpg 840w, https:\/\/www.brasoesdefamilia.pt\/wordpress\/wp-content\/uploads\/2016\/01\/BRAS\u00c3O3.jpg 1116w\" sizes=\"auto, (max-width: 246px) 100vw, 246px\" \/><\/span><\/p>\n<p>&nbsp;<\/p>\n<p>&nbsp;<\/p>\n<p><span style=\"font-family: verdana, geneva; color: #000000;\">CARACTERISTICAS:<\/span><\/p>\n<ul>\n<li><span style=\"font-family: verdana, geneva; color: #000000;\">DIMENS\u00d5ES \u2013 8,5 cm alt. X 6,5 cm larg.<\/span><\/li>\n<li><span style=\"font-family: verdana, geneva; color: #000000;\">MATERIAL \u2013 Bordado com linha viscose e metalizada sobre tecido em veludo.<\/span><\/li>\n<li><span style=\"font-family: verdana, geneva; color: #000000;\">TIPO DE APLICA\u00c7\u00c3O &#8211; M\u00e1quina de costura<\/span><\/li>\n<li><span style=\"font-family: verdana, geneva; color: #000000;\">PRE\u00c7O \u2013 5,00 \u20ac ( IVA INC )<\/span><\/li>\n<\/ul>\n<p><span style=\"font-family: verdana, geneva; color: #000000;\">\u00a0<\/span><\/p>\n<p><span style=\"font-family: verdana, geneva; color: #000000;\">Portes de envio n\u00e3o inclu\u00eddos, por conta do cliente.<\/span><\/p>\n<p><span style=\"font-family: verdana, geneva; color: #000000;\">\u00a0<\/span><\/p>\n<p><span style=\"font-family: verdana, geneva; color: #000000;\">Fazemos envios para Portugal continental, A\u00e7ores e Madeira e para o estrangeiro ( pre\u00e7os sob consulta )<\/span><\/p>\n<p><span style=\"font-family: verdana, geneva; color: #000000;\">Pagamento feito contra-reembolso, excepto para o estrangeiro em que o pagamento \u00e9 feito por transfer\u00eancia banc\u00e1ria com envio do respectivo\u00a0 comprovativo por e-mail<\/span><\/p>\n<p>&nbsp;<\/p>\n<p>&nbsp;<\/p>\n<p><span style=\"font-size: 8pt;\">Fontes: Armoreal Lusitano, Livro do Armeiro Mor, Her\u00e1ldica Pelotense, etc<\/span><\/p>\n","protected":false},"excerpt":{"rendered":"<p>&nbsp; &nbsp; CARACTERISTICAS: DIMENS\u00d5ES \u2013 8,5 cm alt. X 6,5 cm larg. MATERIAL \u2013 Bordado com linha viscose e metalizada sobre tecido em veludo. TIPO DE APLICA\u00c7\u00c3O &#8211; M\u00e1quina de costura PRE\u00c7O \u2013 5,00 \u20ac ( IVA INC ) \u00a0 Portes de envio n\u00e3o inclu\u00eddos, por conta do cliente. \u00a0 Fazemos envios para Portugal continental, [&hellip;]<\/p>\n","protected":false},"author":3,"featured_media":0,"comment_status":"closed","ping_status":"closed","sticky":false,"template":"","format":"standard","meta":{"footnotes":""},"categories":[1],"tags":[],"class_list":["post-85","post","type-post","status-publish","format-standard","hentry","category-brasoes"],"_links":{"self":[{"href":"https:\/\/www.brasoesdefamilia.pt\/wordpress\/index.php?rest_route=\/wp\/v2\/posts\/85","targetHints":{"allow":["GET"]}}],"collection":[{"href":"https:\/\/www.brasoesdefamilia.pt\/wordpress\/index.php?rest_route=\/wp\/v2\/posts"}],"about":[{"href":"https:\/\/www.brasoesdefamilia.pt\/wordpress\/index.php?rest_route=\/wp\/v2\/types\/post"}],"author":[{"embeddable":true,"href":"https:\/\/www.brasoesdefamilia.pt\/wordpress\/index.php?rest_route=\/wp\/v2\/users\/3"}],"replies":[{"embeddable":true,"href":"https:\/\/www.brasoesdefamilia.pt\/wordpress\/index.php?rest_route=%2Fwp%2Fv2%2Fcomments&post=85"}],"version-history":[{"count":7,"href":"https:\/\/www.brasoesdefamilia.pt\/wordpress\/index.php?rest_route=\/wp\/v2\/posts\/85\/revisions"}],"predecessor-version":[{"id":449,"href":"https:\/\/www.brasoesdefamilia.pt\/wordpress\/index.php?rest_route=\/wp\/v2\/posts\/85\/revisions\/449"}],"wp:attachment":[{"href":"https:\/\/www.brasoesdefamilia.pt\/wordpress\/index.php?rest_route=%2Fwp%2Fv2%2Fmedia&parent=85"}],"wp:term":[{"taxonomy":"category","embeddable":true,"href":"https:\/\/www.brasoesdefamilia.pt\/wordpress\/index.php?rest_route=%2Fwp%2Fv2%2Fcategories&post=85"},{"taxonomy":"post_tag","embeddable":true,"href":"https:\/\/www.brasoesdefamilia.pt\/wordpress\/index.php?rest_route=%2Fwp%2Fv2%2Ftags&post=85"}],"curies":[{"name":"wp","href":"https:\/\/api.w.org\/{rel}","templated":true}]}}