{"id":92,"date":"2014-12-10T12:42:40","date_gmt":"2014-12-10T12:42:40","guid":{"rendered":"http:\/\/www.brasoesdefamilia.pt\/wordpress\/?p=92"},"modified":"2024-04-10T10:29:54","modified_gmt":"2024-04-10T10:29:54","slug":"cruzes","status":"publish","type":"post","link":"https:\/\/www.brasoesdefamilia.pt\/wordpress\/?p=92","title":{"rendered":"Cruzes"},"content":{"rendered":"<p style=\"text-align: center;\"><span style=\"color: #000000; font-family: 'arial black', 'avant garde';\">CRUZ1<\/span><\/p>\n<p><a href=\"https:\/\/www.brasoesdefamilia.pt\/wordpress\/wp-content\/uploads\/2014\/12\/CRUZ1.png\"><img loading=\"lazy\" decoding=\"async\" class=\" wp-image-238 size-medium aligncenter\" src=\"https:\/\/www.brasoesdefamilia.pt\/wordpress\/wp-content\/uploads\/2014\/12\/CRUZ1-308x300.png\" alt=\"CRUZ1\" width=\"308\" height=\"300\" srcset=\"https:\/\/www.brasoesdefamilia.pt\/wordpress\/wp-content\/uploads\/2014\/12\/CRUZ1-308x300.png 308w, https:\/\/www.brasoesdefamilia.pt\/wordpress\/wp-content\/uploads\/2014\/12\/CRUZ1-1024x997.png 1024w, https:\/\/www.brasoesdefamilia.pt\/wordpress\/wp-content\/uploads\/2014\/12\/CRUZ1.png 1734w\" sizes=\"auto, (max-width: 308px) 100vw, 308px\" \/><\/a><\/p>\n<p><span style=\"font-family: 'arial black', 'avant garde';\">CARACTERISTICAS:<\/span><\/p>\n<ul>\n<li><span style=\"font-family: 'arial black', 'avant garde';\">DIMENS\u00d5ES \u2013 30 cm alt. X 30 cm larg.<\/span><\/li>\n<li><span style=\"font-family: 'arial black', 'avant garde';\">MATERIAL \u2013 Bordado termocolante. Tecido em veludo, apenas contornado com linha de bordar viscose.<\/span><\/li>\n<li><span style=\"font-family: 'arial black', 'avant garde';\">TIPO DE APLICA\u00c7\u00c3O &#8211; Ferro de engomar\/prensa t\u00e9rmica\/m\u00e1quina de costura<\/span><\/li>\n<li><span style=\"font-family: 'arial black', 'avant garde';\">PRE\u00c7O \u2013 10,00 \u20ac ( iva inc )<\/span><\/li>\n<\/ul>\n<p style=\"text-align: center;\"><span style=\"font-family: 'arial black', 'avant garde'; color: #000000;\">CRUZ2<\/span><\/p>\n<p>&nbsp;<\/p>\n<p><a href=\"https:\/\/www.brasoesdefamilia.pt\/wordpress\/wp-content\/uploads\/2014\/12\/CRUZ4.png\"><img loading=\"lazy\" decoding=\"async\" class=\" wp-image-240 size-medium aligncenter\" src=\"https:\/\/www.brasoesdefamilia.pt\/wordpress\/wp-content\/uploads\/2014\/12\/CRUZ4-302x300.png\" alt=\"CRUZ2\" width=\"302\" height=\"300\" srcset=\"https:\/\/www.brasoesdefamilia.pt\/wordpress\/wp-content\/uploads\/2014\/12\/CRUZ4-302x300.png 302w, https:\/\/www.brasoesdefamilia.pt\/wordpress\/wp-content\/uploads\/2014\/12\/CRUZ4-150x150.png 150w, https:\/\/www.brasoesdefamilia.pt\/wordpress\/wp-content\/uploads\/2014\/12\/CRUZ4-1024x1018.png 1024w, https:\/\/www.brasoesdefamilia.pt\/wordpress\/wp-content\/uploads\/2014\/12\/CRUZ4.png 1285w\" sizes=\"auto, (max-width: 302px) 100vw, 302px\" \/><\/a><\/p>\n<p><span style=\"font-family: 'arial black', 'avant garde'; color: #000000;\">CARACTERISTICAS :<\/span><\/p>\n<ul>\n<li><span style=\"font-family: 'arial black', 'avant garde'; color: #000000;\">DIMENS\u00d5ES \u2013 30 cm alt. X 30 cm larg.<\/span><\/li>\n<li><span style=\"font-family: 'arial black', 'avant garde'; color: #000000;\">MATERIAL \u2013 Bordado termocolante. Tecido em\u00a0\u00a0\u00a0\u00a0\u00a0\u00a0\u00a0veludo, apenas contornado com linha de bordar viscose.<\/span><\/li>\n<li><span style=\"font-family: 'arial black', 'avant garde'; color: #000000;\">TIPO DE APLICA\u00c7\u00c3O &#8211; Ferro de engomar\/prensa t\u00e9rmica\/m\u00e1quina de costura<\/span><\/li>\n<li><span style=\"font-family: 'arial black', 'avant garde'; color: #000000;\">PRE\u00c7O \u2013 10,00 \u20ac ( iva inc )<\/span><\/li>\n<\/ul>\n<p><span style=\"font-family: 'arial black', 'avant garde'; color: #000000;\"><em>\u00a0<\/em><\/span><\/p>\n<p style=\"text-align: center;\"><span style=\"font-family: 'arial black', 'avant garde'; color: #000000;\">CRUZ3<\/span><\/p>\n<p><span style=\"font-family: 'arial black', 'avant garde'; color: #000000;\"><a style=\"color: #000000;\" href=\"https:\/\/www.brasoesdefamilia.pt\/wordpress\/wp-content\/uploads\/2014\/12\/CRUZ5.png\"><img loading=\"lazy\" decoding=\"async\" class=\" wp-image-241 size-medium aligncenter\" src=\"https:\/\/www.brasoesdefamilia.pt\/wordpress\/wp-content\/uploads\/2014\/12\/CRUZ5-300x300.png\" alt=\"CRUZ3\" width=\"300\" height=\"300\" srcset=\"https:\/\/www.brasoesdefamilia.pt\/wordpress\/wp-content\/uploads\/2014\/12\/CRUZ5-300x300.png 300w, https:\/\/www.brasoesdefamilia.pt\/wordpress\/wp-content\/uploads\/2014\/12\/CRUZ5-150x150.png 150w, https:\/\/www.brasoesdefamilia.pt\/wordpress\/wp-content\/uploads\/2014\/12\/CRUZ5-1024x1024.png 1024w, https:\/\/www.brasoesdefamilia.pt\/wordpress\/wp-content\/uploads\/2014\/12\/CRUZ5.png 1421w\" sizes=\"auto, (max-width: 300px) 100vw, 300px\" \/><\/a><\/span><\/p>\n<p><span style=\"font-family: 'arial black', 'avant garde'; color: #000000;\">CARACTERISTICAS :<\/span><\/p>\n<ul>\n<li><span style=\"font-family: 'arial black', 'avant garde'; color: #000000;\">DIMENS\u00d5ES \u2013 30 cm alt. X 30 cm larg.<\/span><\/li>\n<li><span style=\"font-family: 'arial black', 'avant garde'; color: #000000;\">MATERIAL \u2013 Bordado termocolante. Tecido em veludo, apenas contornado com linha de bordar viscose.<\/span><\/li>\n<li><span style=\"font-family: 'arial black', 'avant garde'; color: #000000;\">TIPO DE APLICA\u00c7\u00c3O &#8211; Ferro de engomar\/prensa t\u00e9rmica\/m\u00e1quina de costura<\/span><\/li>\n<li><span style=\"font-family: 'arial black', 'avant garde'; color: #000000;\">PRE\u00c7O \u2013 10,00 \u20ac ( iva inc )<\/span><\/li>\n<\/ul>\n<p style=\"text-align: center;\"><span style=\"font-family: 'arial black', 'avant garde'; color: #000000;\">\u00a0CRUZ4<\/span><\/p>\n<p><span style=\"font-family: 'arial black', 'avant garde'; color: #000000;\"><a style=\"color: #000000;\" href=\"https:\/\/www.brasoesdefamilia.pt\/wordpress\/wp-content\/uploads\/2014\/12\/CRUZ6.png\"><img loading=\"lazy\" decoding=\"async\" class=\" wp-image-244 size-medium aligncenter\" src=\"https:\/\/www.brasoesdefamilia.pt\/wordpress\/wp-content\/uploads\/2014\/12\/CRUZ6-298x300.png\" alt=\"CRUZ4\" width=\"298\" height=\"300\" srcset=\"https:\/\/www.brasoesdefamilia.pt\/wordpress\/wp-content\/uploads\/2014\/12\/CRUZ6-298x300.png 298w, https:\/\/www.brasoesdefamilia.pt\/wordpress\/wp-content\/uploads\/2014\/12\/CRUZ6-150x150.png 150w, https:\/\/www.brasoesdefamilia.pt\/wordpress\/wp-content\/uploads\/2014\/12\/CRUZ6-1017x1024.png 1017w, https:\/\/www.brasoesdefamilia.pt\/wordpress\/wp-content\/uploads\/2014\/12\/CRUZ6.png 1302w\" sizes=\"auto, (max-width: 298px) 100vw, 298px\" \/><\/a><\/span><\/p>\n<p><span style=\"font-family: 'arial black', 'avant garde'; color: #000000;\">CARACTERISTICAS :<\/span><\/p>\n<ul>\n<li><span style=\"font-family: 'arial black', 'avant garde'; color: #000000;\">DIMENS\u00d5ES \u2013 15 cm alt. X 15 cm larg.<\/span><\/li>\n<li><span style=\"font-family: 'arial black', 'avant garde'; color: #000000;\">MATERIAL \u2013 Bordado termocolante. Tecido em veludo, apenas contornado com linha de bordar viscose.<\/span><\/li>\n<li><span style=\"font-family: 'arial black', 'avant garde'; color: #000000;\">TIPO DE APLICA\u00c7\u00c3O &#8211; Ferro de engomar\/prensa t\u00e9rmica\/m\u00e1quina de costura<\/span><\/li>\n<li><span style=\"font-family: 'arial black', 'avant garde'; color: #000000;\">PRE\u00c7O \u2013 10,00 \u20ac ( iva inc )<\/span><\/li>\n<\/ul>\n<p><span style=\"font-family: 'arial black', 'avant garde'; color: #000000;\"><em>\u00a0<\/em><\/span><\/p>\n<p style=\"text-align: center;\"><span style=\"font-family: 'arial black', 'avant garde'; color: #000000;\">CRUZ5<\/span><\/p>\n<p><span style=\"font-family: 'arial black', 'avant garde'; color: #000000;\"><a style=\"color: #000000;\" href=\"https:\/\/www.brasoesdefamilia.pt\/wordpress\/wp-content\/uploads\/2014\/12\/CRUZ7.png\"><img loading=\"lazy\" decoding=\"async\" class=\" wp-image-246 size-medium aligncenter\" src=\"https:\/\/www.brasoesdefamilia.pt\/wordpress\/wp-content\/uploads\/2014\/12\/CRUZ7-298x300.png\" alt=\"CRUZ5\" width=\"298\" height=\"300\" srcset=\"https:\/\/www.brasoesdefamilia.pt\/wordpress\/wp-content\/uploads\/2014\/12\/CRUZ7-298x300.png 298w, https:\/\/www.brasoesdefamilia.pt\/wordpress\/wp-content\/uploads\/2014\/12\/CRUZ7-150x150.png 150w, https:\/\/www.brasoesdefamilia.pt\/wordpress\/wp-content\/uploads\/2014\/12\/CRUZ7-1017x1024.png 1017w, https:\/\/www.brasoesdefamilia.pt\/wordpress\/wp-content\/uploads\/2014\/12\/CRUZ7.png 1302w\" sizes=\"auto, (max-width: 298px) 100vw, 298px\" \/><\/a><\/span><\/p>\n<p><span style=\"font-family: 'arial black', 'avant garde'; color: #000000;\">CARACTERISTICAS :<\/span><\/p>\n<ul>\n<li><span style=\"font-family: 'arial black', 'avant garde'; color: #000000;\">DIMENS\u00d5ES \u2013 15 cm alt. X 15 cm larg.<\/span><\/li>\n<li><span style=\"font-family: 'arial black', 'avant garde'; color: #000000;\">MATERIAL \u2013 Bordado termocolante. Tecido em veludo, apenas contornado com linha de bordar viscose.<\/span><\/li>\n<li><span style=\"font-family: 'arial black', 'avant garde'; color: #000000;\">TIPO DE APLICA\u00c7\u00c3O &#8211; Ferro de engomar\/prensa t\u00e9rmica\/m\u00e1quina de costura<\/span><\/li>\n<li><span style=\"font-family: 'arial black', 'avant garde'; color: #000000;\">PRE\u00c7O \u2013 5,00 \u20ac ( iva inc )<\/span><\/li>\n<\/ul>\n<p><span style=\"font-family: 'arial black', 'avant garde'; color: #000000;\">\u00a0<\/span><\/p>\n<p style=\"text-align: center;\"><span style=\"font-family: 'arial black', 'avant garde'; color: #000000;\">CRUZ6<\/span><\/p>\n<p><span style=\"font-family: 'arial black', 'avant garde'; color: #000000;\"><a style=\"color: #000000;\" href=\"https:\/\/www.brasoesdefamilia.pt\/wordpress\/wp-content\/uploads\/2014\/12\/CRUZ3.png\"><img loading=\"lazy\" decoding=\"async\" class=\"aligncenter wp-image-247 size-medium\" src=\"https:\/\/www.brasoesdefamilia.pt\/wordpress\/wp-content\/uploads\/2014\/12\/CRUZ3-309x300.png\" alt=\"CRUZ6\" width=\"309\" height=\"300\" srcset=\"https:\/\/www.brasoesdefamilia.pt\/wordpress\/wp-content\/uploads\/2014\/12\/CRUZ3-309x300.png 309w, https:\/\/www.brasoesdefamilia.pt\/wordpress\/wp-content\/uploads\/2014\/12\/CRUZ3-1024x996.png 1024w, https:\/\/www.brasoesdefamilia.pt\/wordpress\/wp-content\/uploads\/2014\/12\/CRUZ3.png 1522w\" sizes=\"auto, (max-width: 309px) 100vw, 309px\" \/><\/a><\/span><\/p>\n<p><span style=\"font-family: 'arial black', 'avant garde'; color: #000000;\">CARACTERISTICAS :<\/span><\/p>\n<ul>\n<li><span style=\"font-family: 'arial black', 'avant garde'; color: #000000;\">DIMENS\u00d5ES \u2013 30 cm alt. X 30 cm larg.<\/span><\/li>\n<li><span style=\"font-family: 'arial black', 'avant garde'; color: #000000;\">MATERIAL \u2013 Bordado termocolante. Tecido em veludo, apenas contornado com linha de bordar viscose.<\/span><\/li>\n<li><span style=\"font-family: 'arial black', 'avant garde'; color: #000000;\">TIPO DE APLICA\u00c7\u00c3O &#8211; Ferro de engomar\/prensa t\u00e9rmica\/m\u00e1quina de costura<\/span><\/li>\n<li><span style=\"font-family: 'arial black', 'avant garde'; color: #000000;\">PRE\u00c7O \u2013 10,00 \u20ac ( iva inc )<\/span><\/li>\n<\/ul>\n<p style=\"text-align: center;\"><span style=\"font-family: 'arial black', 'avant garde'; color: #000000;\">CRUZ7<\/span><\/p>\n<p><span style=\"font-family: 'arial black', 'avant garde'; color: #000000;\"><a style=\"color: #000000;\" href=\"https:\/\/www.brasoesdefamilia.pt\/wordpress\/wp-content\/uploads\/2014\/12\/CRUZ2.png\"><img loading=\"lazy\" decoding=\"async\" class=\"aligncenter wp-image-248 size-medium\" src=\"https:\/\/www.brasoesdefamilia.pt\/wordpress\/wp-content\/uploads\/2014\/12\/CRUZ2-301x300.png\" alt=\"CRUZ7\" width=\"301\" height=\"300\" srcset=\"https:\/\/www.brasoesdefamilia.pt\/wordpress\/wp-content\/uploads\/2014\/12\/CRUZ2-301x300.png 301w, https:\/\/www.brasoesdefamilia.pt\/wordpress\/wp-content\/uploads\/2014\/12\/CRUZ2-150x150.png 150w, https:\/\/www.brasoesdefamilia.pt\/wordpress\/wp-content\/uploads\/2014\/12\/CRUZ2-1024x1019.png 1024w, https:\/\/www.brasoesdefamilia.pt\/wordpress\/wp-content\/uploads\/2014\/12\/CRUZ2.png 1683w\" sizes=\"auto, (max-width: 301px) 100vw, 301px\" \/><\/a><\/span><\/p>\n<p><span style=\"font-family: 'arial black', 'avant garde'; color: #000000;\">CARACTERISTICAS :<\/span><\/p>\n<ul>\n<li><span style=\"font-family: 'arial black', 'avant garde'; color: #000000;\">DIMENS\u00d5ES \u2013 30 cm alt. X 30 cm larg.<\/span><\/li>\n<li><span style=\"font-family: 'arial black', 'avant garde'; color: #000000;\">MATERIAL \u2013 Bordado termocolante. Tecido em veludo, apenas contornado com linha de bordar viscose.<\/span><\/li>\n<li><span style=\"font-family: 'arial black', 'avant garde'; color: #000000;\">TIPO DE APLICA\u00c7\u00c3O &#8211; Ferro de engomar\/prensa t\u00e9rmica\/m\u00e1quina de costura<\/span><\/li>\n<li><span style=\"font-family: 'arial black', 'avant garde'; color: #000000;\">PRE\u00c7O \u2013 10,00 \u20ac ( iva inc )<\/span><\/li>\n<\/ul>\n<p><span style=\"font-family: 'arial black', 'avant garde'; color: #000000;\">\u00a0<\/span><\/p>\n<p><span style=\"font-family: 'arial black', 'avant garde'; color: #000000;\">Portes de envio n\u00e3o inclu\u00eddos, por conta do cliente.<\/span><\/p>\n<p><span style=\"font-family: 'arial black', 'avant garde'; color: #000000;\">Fazemos envios para Portugal continental, A\u00e7ores e Madeira e para o estrangeiro ( pre\u00e7os sob consulta )<\/span><\/p>\n<p><span style=\"font-family: 'arial black', 'avant garde'; color: #000000;\">Pagamento feito contra-reembolso, excepto para o estrangeiro em que o pagamento \u00e9 feito por transfer\u00eancia banc\u00e1ria com envio do respectivo\u00a0 comprovativo por e-mail<\/span><\/p>\n","protected":false},"excerpt":{"rendered":"<p>CRUZ1 CARACTERISTICAS: DIMENS\u00d5ES \u2013 30 cm alt. X 30 cm larg. MATERIAL \u2013 Bordado termocolante. Tecido em veludo, apenas contornado com linha de bordar viscose. TIPO DE APLICA\u00c7\u00c3O &#8211; Ferro de engomar\/prensa t\u00e9rmica\/m\u00e1quina de costura PRE\u00c7O \u2013 10,00 \u20ac ( iva inc ) CRUZ2 &nbsp; CARACTERISTICAS : DIMENS\u00d5ES \u2013 30 cm alt. X 30 cm [&hellip;]<\/p>\n","protected":false},"author":3,"featured_media":0,"comment_status":"closed","ping_status":"closed","sticky":false,"template":"","format":"standard","meta":{"footnotes":""},"categories":[8],"tags":[],"class_list":["post-92","post","type-post","status-publish","format-standard","hentry","category-cruzes"],"_links":{"self":[{"href":"https:\/\/www.brasoesdefamilia.pt\/wordpress\/index.php?rest_route=\/wp\/v2\/posts\/92","targetHints":{"allow":["GET"]}}],"collection":[{"href":"https:\/\/www.brasoesdefamilia.pt\/wordpress\/index.php?rest_route=\/wp\/v2\/posts"}],"about":[{"href":"https:\/\/www.brasoesdefamilia.pt\/wordpress\/index.php?rest_route=\/wp\/v2\/types\/post"}],"author":[{"embeddable":true,"href":"https:\/\/www.brasoesdefamilia.pt\/wordpress\/index.php?rest_route=\/wp\/v2\/users\/3"}],"replies":[{"embeddable":true,"href":"https:\/\/www.brasoesdefamilia.pt\/wordpress\/index.php?rest_route=%2Fwp%2Fv2%2Fcomments&post=92"}],"version-history":[{"count":9,"href":"https:\/\/www.brasoesdefamilia.pt\/wordpress\/index.php?rest_route=\/wp\/v2\/posts\/92\/revisions"}],"predecessor-version":[{"id":381,"href":"https:\/\/www.brasoesdefamilia.pt\/wordpress\/index.php?rest_route=\/wp\/v2\/posts\/92\/revisions\/381"}],"wp:attachment":[{"href":"https:\/\/www.brasoesdefamilia.pt\/wordpress\/index.php?rest_route=%2Fwp%2Fv2%2Fmedia&parent=92"}],"wp:term":[{"taxonomy":"category","embeddable":true,"href":"https:\/\/www.brasoesdefamilia.pt\/wordpress\/index.php?rest_route=%2Fwp%2Fv2%2Fcategories&post=92"},{"taxonomy":"post_tag","embeddable":true,"href":"https:\/\/www.brasoesdefamilia.pt\/wordpress\/index.php?rest_route=%2Fwp%2Fv2%2Ftags&post=92"}],"curies":[{"name":"wp","href":"https:\/\/api.w.org\/{rel}","templated":true}]}}